{"id":8457,"date":"2026-01-20T11:32:10","date_gmt":"2026-01-20T14:32:10","guid":{"rendered":"https:\/\/biblioteca.gafilat.org\/?p=8457"},"modified":"2026-01-20T11:32:25","modified_gmt":"2026-01-20T14:32:25","slug":"dialogo-internacional-para-el-fortalecimiento-regional-de-politicas-ala-cft","status":"publish","type":"post","link":"https:\/\/biblioteca.gafilat.org\/?p=8457","title":{"rendered":"Di\u00e1logo Internacional para el Fortalecimiento Regional de Pol\u00edticas ALA\/CFT"},"content":{"rendered":"","protected":false},"excerpt":{"rendered":"<p>El Di\u00e1logo Internacional para el Fortalecimiento Regional de Pol\u00edticas ALA\/CFT se present\u00f3 como un espacio estrat\u00e9gico de alto nivel en el marco de la LII Reuni\u00f3n Plenaria del GAFILAT, destinado a reunir a representantes del GAFI, los Organismos Regionales al estilo GAFI<br \/>\n(FSRB, por sus siglas en ingl\u00e9s), organismos observadores y socios cooperantes para un intercambio t\u00e9cnico y prospectivo sobre las principales amenazas globales, riesgos emergentes y prioridades comunes para la regi\u00f3n. El presente informe recoge las principales<br \/>\norientaciones estrat\u00e9gicas surgidas del Di\u00e1logo, con el objetivo de apoyar la construcci\u00f3n de una visi\u00f3n com\u00fan regional y aportar insumos sustantivos al Plan Estrat\u00e9gico 2026\u20132030 del GAFILAT, consolidando as\u00ed el papel de la regi\u00f3n dentro de la Red Global del GAFI.<\/p>\n","protected":false},"author":306,"featured_media":8460,"comment_status":"closed","ping_status":"closed","sticky":false,"template":"","format":"standard","meta":{"_acf_changed":false,"footnotes":""},"categories":[90,16],"tags":[175],"class_list":["post-8457","post","type-post","status-publish","format-standard","has-post-thumbnail","hentry","category-espanol","category-operativo","tag-175"],"acf":[],"_links":{"self":[{"href":"https:\/\/biblioteca.gafilat.org\/index.php?rest_route=\/wp\/v2\/posts\/8457","targetHints":{"allow":["GET"]}}],"collection":[{"href":"https:\/\/biblioteca.gafilat.org\/index.php?rest_route=\/wp\/v2\/posts"}],"about":[{"href":"https:\/\/biblioteca.gafilat.org\/index.php?rest_route=\/wp\/v2\/types\/post"}],"author":[{"embeddable":true,"href":"https:\/\/biblioteca.gafilat.org\/index.php?rest_route=\/wp\/v2\/users\/306"}],"replies":[{"embeddable":true,"href":"https:\/\/biblioteca.gafilat.org\/index.php?rest_route=%2Fwp%2Fv2%2Fcomments&post=8457"}],"version-history":[{"count":2,"href":"https:\/\/biblioteca.gafilat.org\/index.php?rest_route=\/wp\/v2\/posts\/8457\/revisions"}],"predecessor-version":[{"id":8462,"href":"https:\/\/biblioteca.gafilat.org\/index.php?rest_route=\/wp\/v2\/posts\/8457\/revisions\/8462"}],"wp:featuredmedia":[{"embeddable":true,"href":"https:\/\/biblioteca.gafilat.org\/index.php?rest_route=\/wp\/v2\/media\/8460"}],"wp:attachment":[{"href":"https:\/\/biblioteca.gafilat.org\/index.php?rest_route=%2Fwp%2Fv2%2Fmedia&parent=8457"}],"wp:term":[{"taxonomy":"category","embeddable":true,"href":"https:\/\/biblioteca.gafilat.org\/index.php?rest_route=%2Fwp%2Fv2%2Fcategories&post=8457"},{"taxonomy":"post_tag","embeddable":true,"href":"https:\/\/biblioteca.gafilat.org\/index.php?rest_route=%2Fwp%2Fv2%2Ftags&post=8457"}],"curies":[{"name":"wp","href":"https:\/\/api.w.org\/{rel}","templated":true}]}}